{"id":1077,"date":"2016-02-01T11:05:25","date_gmt":"2016-02-01T11:05:25","guid":{"rendered":"http:\/\/ellaraidel.com\/?p=1077"},"modified":"2016-05-16T08:04:16","modified_gmt":"2016-05-16T08:04:16","slug":"its-fly","status":"publish","type":"post","link":"https:\/\/ellaraidel.com\/?p=1077","title":{"rendered":"Cinema Isn&#8217;t I See, It&#8217;s I Fly"},"content":{"rendered":"<p><strong>Crossing Europe Filmfestivaltrailer<\/strong> by Ella Raidel<br \/>\nCrossing Europe Filmfestival Linz 23.-28. April 2013<\/p>\n<p><strong>The Big Nomad Prize <\/strong>at the <a href=\"http:\/\/urbannomaden.blogspot.tw\/p\/about-us.html#news\" target=\"_blank\"><strong>Urban Nomad Film Fest Taipei 2014<\/strong><\/a><br \/>\nfor\u00a0<em><em>Cinema Isn&#8217;t I See<\/em>, <em>It&#8217;s I Fly<\/em><\/em> as the best overall short film.<\/p>\n<p><!--more--><\/p>\n<p><a href=\"http:\/\/iframesrc=\/\/player.vimeo.com\/video\/58950647width=500height=281frameborder=0webkitallowfullscreenmozallowfullscreenallowfullscreen\/iframe\"><iframe loading=\"lazy\" src=\"\/\/player.vimeo.com\/video\/58950647\" width=\"500\" height=\"281\" frameborder=\"0\" allowfullscreen=\"allowfullscreen\"><\/iframe><\/a><\/p>\n<p><em> <em>Cinema Isn&#8217;t I See<\/em>, <em>It&#8217;s I Fly, <\/em><\/em>30 Sec.<em><em><br \/>\n<\/em><\/em><\/p>\n<p><em> Cinema Isn&#8217;t I See<\/em>, <em>It&#8217;s I Fly<\/em> konstatierte Dziga Vertov im Hinblick auf die Flexibilit\u00e4t der Kameraobjektive, die eine andere Wahrnehmung der Welt erzeugen. Im Crossing Europe Trailer 2013 katapultiert uns der Rington eines verpassten Anrufs in einem Gesch\u00e4ft f\u00fcr Haushaltswaren in Taipei aus der Realit\u00e4t in die luftige Perspektive eines Fallschirmspringers.<\/p>\n<p>Projektion w\u00e4hrend des Festivals am OK Platz\/ in Kooperation mit dem O\u00d6. Kulturquartier<\/p>\n<p><a href=\"http:\/\/ellaraidel.com\/wp-content\/uploads\/2013\/07\/cinemaisnt.jpg\"><img loading=\"lazy\" decoding=\"async\" class=\"alignnone size-large wp-image-541\" title=\"cinemaisnt\" src=\"http:\/\/ellaraidel.com\/wp-content\/uploads\/2013\/07\/cinemaisnt-1024x682.jpg\" alt=\"\" width=\"584\" height=\"388\" srcset=\"https:\/\/ellaraidel.com\/wp-content\/uploads\/2013\/07\/cinemaisnt-1024x682.jpg 1024w, https:\/\/ellaraidel.com\/wp-content\/uploads\/2013\/07\/cinemaisnt-600x400.jpg 600w, https:\/\/ellaraidel.com\/wp-content\/uploads\/2013\/07\/cinemaisnt-300x200.jpg 300w, https:\/\/ellaraidel.com\/wp-content\/uploads\/2013\/07\/cinemaisnt-450x300.jpg 450w\" sizes=\"(max-width: 584px) 100vw, 584px\" \/><\/a><\/p>\n","protected":false},"excerpt":{"rendered":"<p>Cinema Isn&#8217;t I See, It&#8217;s I Fly &#8211; Crossing Europe Festival Trailer2013<\/p>\n","protected":false},"author":3,"featured_media":1613,"comment_status":"closed","ping_status":"closed","sticky":false,"template":"","format":"standard","meta":{"spay_email":"","footnotes":"","jetpack_publicize_message":"","jetpack_is_tweetstorm":false},"categories":[1,9],"tags":[],"jetpack_featured_media_url":"https:\/\/ellaraidel.com\/wp-content\/uploads\/2016\/02\/CROSSINGTrailer.jpg","jetpack_publicize_connections":[],"jetpack_sharing_enabled":true,"jetpack_shortlink":"https:\/\/wp.me\/p4JnJ4-hn","_links":{"self":[{"href":"https:\/\/ellaraidel.com\/index.php?rest_route=\/wp\/v2\/posts\/1077"}],"collection":[{"href":"https:\/\/ellaraidel.com\/index.php?rest_route=\/wp\/v2\/posts"}],"about":[{"href":"https:\/\/ellaraidel.com\/index.php?rest_route=\/wp\/v2\/types\/post"}],"author":[{"embeddable":true,"href":"https:\/\/ellaraidel.com\/index.php?rest_route=\/wp\/v2\/users\/3"}],"replies":[{"embeddable":true,"href":"https:\/\/ellaraidel.com\/index.php?rest_route=%2Fwp%2Fv2%2Fcomments&post=1077"}],"version-history":[{"count":5,"href":"https:\/\/ellaraidel.com\/index.php?rest_route=\/wp\/v2\/posts\/1077\/revisions"}],"predecessor-version":[{"id":1614,"href":"https:\/\/ellaraidel.com\/index.php?rest_route=\/wp\/v2\/posts\/1077\/revisions\/1614"}],"wp:featuredmedia":[{"embeddable":true,"href":"https:\/\/ellaraidel.com\/index.php?rest_route=\/wp\/v2\/media\/1613"}],"wp:attachment":[{"href":"https:\/\/ellaraidel.com\/index.php?rest_route=%2Fwp%2Fv2%2Fmedia&parent=1077"}],"wp:term":[{"taxonomy":"category","embeddable":true,"href":"https:\/\/ellaraidel.com\/index.php?rest_route=%2Fwp%2Fv2%2Fcategories&post=1077"},{"taxonomy":"post_tag","embeddable":true,"href":"https:\/\/ellaraidel.com\/index.php?rest_route=%2Fwp%2Fv2%2Ftags&post=1077"}],"curies":[{"name":"wp","href":"https:\/\/api.w.org\/{rel}","templated":true}]}}